{"id":689,"date":"2023-11-19T20:48:25","date_gmt":"2023-11-19T20:48:25","guid":{"rendered":"https:\/\/buergerverein-kirchrode.de\/?p=689"},"modified":"2023-11-19T20:51:34","modified_gmt":"2023-11-19T20:51:34","slug":"volkstrauertag-gemeinsam-mit-der-kirche-mahnt-und-erinnert-der-buergerverein-kirchrode-e-v","status":"publish","type":"post","link":"https:\/\/buergerverein-kirchrode.de\/?p=689","title":{"rendered":"Volkstrauertag: Gemeinsam mit der Kirche mahnt und erinnert der B\u00fcrgerverein Kirchrode e. V."},"content":{"rendered":"\n<p>Gemeinsam mit der Kirche im Rahmen des sonnt\u00e4glichen Gottesdienstes erinnert der B\u00fcrgerverein Kirchrode e. V. und etwa 100 Teilnehmer an vergangene und gegenw\u00e4rtige Kriege und Konflikte. <\/p>\n\n\n\n<p><\/p>\n\n\n\n<figure class=\"wp-block-gallery has-nested-images columns-default is-cropped wp-block-gallery-1 is-layout-flex\">\n<figure class=\"wp-block-image size-large\"><img decoding=\"async\" loading=\"lazy\" width=\"768\" height=\"1024\" data-id=\"691\"  src=\"https:\/\/buergerverein-kirchrode.de\/wp-content\/uploads\/2023\/11\/WhatsApp-Image-2023-11-19-at-21.40.21-1.jpeg\" alt=\"\" class=\"wp-image-691\" srcset=\"https:\/\/buergerverein-kirchrode.de\/wp-content\/uploads\/2023\/11\/WhatsApp-Image-2023-11-19-at-21.40.21-1.jpeg 768w, https:\/\/buergerverein-kirchrode.de\/wp-content\/uploads\/2023\/11\/WhatsApp-Image-2023-11-19-at-21.40.21-1-225x300.jpeg 225w\" sizes=\"(max-width: 768px) 100vw, 768px\" \/><\/figure>\n\n\n\n<figure class=\"wp-block-image size-large\"><img decoding=\"async\" loading=\"lazy\" width=\"1024\" height=\"768\" data-id=\"692\"  src=\"https:\/\/buergerverein-kirchrode.de\/wp-content\/uploads\/2023\/11\/WhatsApp-Image-2023-11-19-at-21.41.14-1.jpeg\" alt=\"\" class=\"wp-image-692\" srcset=\"https:\/\/buergerverein-kirchrode.de\/wp-content\/uploads\/2023\/11\/WhatsApp-Image-2023-11-19-at-21.41.14-1.jpeg 1024w, https:\/\/buergerverein-kirchrode.de\/wp-content\/uploads\/2023\/11\/WhatsApp-Image-2023-11-19-at-21.41.14-1-300x225.jpeg 300w, https:\/\/buergerverein-kirchrode.de\/wp-content\/uploads\/2023\/11\/WhatsApp-Image-2023-11-19-at-21.41.14-1-768x576.jpeg 768w\" sizes=\"(max-width: 1024px) 100vw, 1024px\" \/><\/figure>\n\n\n\n<figure class=\"wp-block-image size-large\"><img decoding=\"async\" loading=\"lazy\" width=\"871\" height=\"1024\" data-id=\"693\"  src=\"https:\/\/buergerverein-kirchrode.de\/wp-content\/uploads\/2023\/11\/WhatsApp-Image-2023-11-19-at-21.41.14.jpeg\" alt=\"\" class=\"wp-image-693\" srcset=\"https:\/\/buergerverein-kirchrode.de\/wp-content\/uploads\/2023\/11\/WhatsApp-Image-2023-11-19-at-21.41.14.jpeg 871w, https:\/\/buergerverein-kirchrode.de\/wp-content\/uploads\/2023\/11\/WhatsApp-Image-2023-11-19-at-21.41.14-255x300.jpeg 255w, https:\/\/buergerverein-kirchrode.de\/wp-content\/uploads\/2023\/11\/WhatsApp-Image-2023-11-19-at-21.41.14-768x903.jpeg 768w\" sizes=\"(max-width: 871px) 100vw, 871px\" \/><\/figure>\n<\/figure>\n","protected":false},"excerpt":{"rendered":"<p>Gemeinsam mit der Kirche im Rahmen des sonnt\u00e4glichen Gottesdienstes erinnert der B\u00fcrgerverein Kirchrode e. V. und etwa 100 Teilnehmer an vergangene und gegenw\u00e4rtige Kriege und Konflikte.<\/p>\n","protected":false},"author":2,"featured_media":696,"comment_status":"open","ping_status":"open","sticky":false,"template":"","format":"standard","meta":[],"categories":[1],"tags":[],"_links":{"self":[{"href":"https:\/\/buergerverein-kirchrode.de\/index.php?rest_route=\/wp\/v2\/posts\/689"}],"collection":[{"href":"https:\/\/buergerverein-kirchrode.de\/index.php?rest_route=\/wp\/v2\/posts"}],"about":[{"href":"https:\/\/buergerverein-kirchrode.de\/index.php?rest_route=\/wp\/v2\/types\/post"}],"author":[{"embeddable":true,"href":"https:\/\/buergerverein-kirchrode.de\/index.php?rest_route=\/wp\/v2\/users\/2"}],"replies":[{"embeddable":true,"href":"https:\/\/buergerverein-kirchrode.de\/index.php?rest_route=%2Fwp%2Fv2%2Fcomments&post=689"}],"version-history":[{"count":1,"href":"https:\/\/buergerverein-kirchrode.de\/index.php?rest_route=\/wp\/v2\/posts\/689\/revisions"}],"predecessor-version":[{"id":694,"href":"https:\/\/buergerverein-kirchrode.de\/index.php?rest_route=\/wp\/v2\/posts\/689\/revisions\/694"}],"wp:featuredmedia":[{"embeddable":true,"href":"https:\/\/buergerverein-kirchrode.de\/index.php?rest_route=\/wp\/v2\/media\/696"}],"wp:attachment":[{"href":"https:\/\/buergerverein-kirchrode.de\/index.php?rest_route=%2Fwp%2Fv2%2Fmedia&parent=689"}],"wp:term":[{"taxonomy":"category","embeddable":true,"href":"https:\/\/buergerverein-kirchrode.de\/index.php?rest_route=%2Fwp%2Fv2%2Fcategories&post=689"},{"taxonomy":"post_tag","embeddable":true,"href":"https:\/\/buergerverein-kirchrode.de\/index.php?rest_route=%2Fwp%2Fv2%2Ftags&post=689"}],"curies":[{"name":"wp","href":"https:\/\/api.w.org\/{rel}","templated":true}]}}